{"id":1482,"date":"2022-02-10T12:45:25","date_gmt":"2022-02-10T12:45:25","guid":{"rendered":"https:\/\/vivesanlucardebarrameda.es\/?p=1482"},"modified":"2023-02-09T13:16:21","modified_gmt":"2023-02-09T13:16:21","slug":"aparcamiento-y-horarios","status":"publish","type":"post","link":"https:\/\/vivesanlucardebarrameda.es\/en\/aparcamiento-y-horarios\/","title":{"rendered":"SCHEDULES AND PARKINGS"},"content":{"rendered":"\t\t<div data-elementor-type=\"wp-post\" data-elementor-id=\"1482\" class=\"elementor elementor-1482\">\n\t\t\t\t\t\t<section class=\"elementor-section elementor-top-section elementor-element elementor-element-53fecf78 elementor-section-boxed elementor-section-height-default elementor-section-height-default\" data-id=\"53fecf78\" data-element_type=\"section\">\n\t\t\t\t\t\t<div class=\"elementor-container elementor-column-gap-default\">\n\t\t\t\t\t<div class=\"elementor-column elementor-col-100 elementor-top-column elementor-element elementor-element-119c0218\" data-id=\"119c0218\" data-element_type=\"column\">\n\t\t\t<div class=\"elementor-widget-wrap elementor-element-populated\">\n\t\t\t\t\t\t<div class=\"elementor-element elementor-element-3c5e238 elementor-widget elementor-widget-text-editor\" data-id=\"3c5e238\" data-element_type=\"widget\" data-widget_type=\"text-editor.default\">\n\t\t\t\t<div class=\"elementor-widget-container\">\n\t\t\t\t\t\t\t<p>Information of schedules, festivities and openings. You will also find the means of access to Sanl\u00facar de Barrameda, and parking areas.<\/p>\t\t\t\t\t\t<\/div>\n\t\t\t\t<\/div>\n\t\t\t\t\t<\/div>\n\t\t<\/div>\n\t\t\t\t\t<\/div>\n\t\t<\/section>\n\t\t\t\t<section class=\"elementor-section elementor-top-section elementor-element elementor-element-c759092 elementor-section-boxed elementor-section-height-default elementor-section-height-default\" data-id=\"c759092\" data-element_type=\"section\">\n\t\t\t\t\t\t<div class=\"elementor-container elementor-column-gap-default\">\n\t\t\t\t\t<div class=\"elementor-column elementor-col-100 elementor-top-column elementor-element elementor-element-fdb8bde\" data-id=\"fdb8bde\" data-element_type=\"column\">\n\t\t\t<div class=\"elementor-widget-wrap elementor-element-populated\">\n\t\t\t\t\t\t<div class=\"elementor-element elementor-element-12dce85 elementor-widget elementor-widget-heading\" data-id=\"12dce85\" data-element_type=\"widget\" data-widget_type=\"heading.default\">\n\t\t\t\t<div class=\"elementor-widget-container\">\n\t\t\t<h2 class=\"elementor-heading-title elementor-size-default\">SCHEDULES<\/h2>\t\t<\/div>\n\t\t\t\t<\/div>\n\t\t\t\t\t<\/div>\n\t\t<\/div>\n\t\t\t\t\t<\/div>\n\t\t<\/section>\n\t\t\t\t<section class=\"elementor-section elementor-top-section elementor-element elementor-element-27bfc59 elementor-section-boxed elementor-section-height-default elementor-section-height-default\" data-id=\"27bfc59\" data-element_type=\"section\">\n\t\t\t\t\t\t<div class=\"elementor-container elementor-column-gap-default\">\n\t\t\t\t\t<div class=\"elementor-column elementor-col-100 elementor-top-column elementor-element elementor-element-c41437e\" data-id=\"c41437e\" data-element_type=\"column\">\n\t\t\t<div class=\"elementor-widget-wrap elementor-element-populated\">\n\t\t\t\t\t\t<div class=\"elementor-element elementor-element-fa0f0e3 elementor-widget elementor-widget-text-editor\" data-id=\"fa0f0e3\" data-element_type=\"widget\" data-widget_type=\"text-editor.default\">\n\t\t\t\t<div class=\"elementor-widget-container\">\n\t\t\t\t\t\t\t<p>MONDAY TO FRIDAY<strong> 10:00 &#8211; 13:30 y 18:00 &#8211; 21:00 h.<\/strong><\/p><p>SATURDAY<strong> 10:30 &#8211; 14:00 h.<\/strong><\/p><p>SUNDAYS<\/p><p><strong>Closed<\/strong><\/p><p>UPCOMING HOLIDAYS<\/p><p>Local Festival<\/p><p><strong>23.05.2022<\/strong><\/p><p><strong>Closed<\/strong><\/p>\t\t\t\t\t\t<\/div>\n\t\t\t\t<\/div>\n\t\t\t\t\t<\/div>\n\t\t<\/div>\n\t\t\t\t\t<\/div>\n\t\t<\/section>\n\t\t\t\t<section class=\"elementor-section elementor-top-section elementor-element elementor-element-226a424 elementor-section-boxed elementor-section-height-default elementor-section-height-default\" data-id=\"226a424\" data-element_type=\"section\">\n\t\t\t\t\t\t<div class=\"elementor-container elementor-column-gap-default\">\n\t\t\t\t\t<div class=\"elementor-column elementor-col-100 elementor-top-column elementor-element elementor-element-0808b3b\" data-id=\"0808b3b\" data-element_type=\"column\">\n\t\t\t<div class=\"elementor-widget-wrap elementor-element-populated\">\n\t\t\t\t\t\t<div class=\"elementor-element elementor-element-9e23b38 elementor-widget elementor-widget-heading\" data-id=\"9e23b38\" data-element_type=\"widget\" data-widget_type=\"heading.default\">\n\t\t\t\t<div class=\"elementor-widget-container\">\n\t\t\t<h2 class=\"elementor-heading-title elementor-size-default\">PARKINGS<\/h2>\t\t<\/div>\n\t\t\t\t<\/div>\n\t\t\t\t\t<\/div>\n\t\t<\/div>\n\t\t\t\t\t<\/div>\n\t\t<\/section>\n\t\t\t\t<section class=\"elementor-section elementor-top-section elementor-element elementor-element-cd533a0 elementor-section-boxed elementor-section-height-default elementor-section-height-default\" data-id=\"cd533a0\" data-element_type=\"section\">\n\t\t\t\t\t\t<div class=\"elementor-container elementor-column-gap-default\">\n\t\t\t\t\t<div class=\"elementor-column elementor-col-100 elementor-top-column elementor-element elementor-element-38aa739\" data-id=\"38aa739\" data-element_type=\"column\">\n\t\t\t<div class=\"elementor-widget-wrap elementor-element-populated\">\n\t\t\t\t\t\t<div class=\"elementor-element elementor-element-13a643c elementor-widget elementor-widget-text-editor\" data-id=\"13a643c\" data-element_type=\"widget\" data-widget_type=\"text-editor.default\">\n\t\t\t\t<div class=\"elementor-widget-container\">\n\t\t\t\t\t\t\t<h4>Use the parking lots of:<\/h4><h5>Parking PARKIA &#8211; Playa la Calzada<\/h5><h1>\u00a0<\/h1><h6>Address: <strong>Av. Calzada Duquesa Isabel, s\/n, 11540 Sanl\u00facar de Barrameda, C\u00e1diz<\/strong><\/h6><h6>Phone: <strong>+34 956742199<\/strong><\/h6><p>Open 24 hours a day<\/p>\t\t\t\t\t\t<\/div>\n\t\t\t\t<\/div>\n\t\t\t\t\t<\/div>\n\t\t<\/div>\n\t\t\t\t\t<\/div>\n\t\t<\/section>\n\t\t\t\t<section class=\"elementor-section elementor-top-section elementor-element elementor-element-412f274 elementor-section-boxed elementor-section-height-default elementor-section-height-default\" data-id=\"412f274\" data-element_type=\"section\">\n\t\t\t\t\t\t<div class=\"elementor-container elementor-column-gap-default\">\n\t\t\t\t\t<div class=\"elementor-column elementor-col-100 elementor-top-column elementor-element elementor-element-dd31975\" data-id=\"dd31975\" data-element_type=\"column\">\n\t\t\t<div class=\"elementor-widget-wrap elementor-element-populated\">\n\t\t\t\t\t\t<div class=\"elementor-element elementor-element-95bc4c1 elementor-widget elementor-widget-text-editor\" data-id=\"95bc4c1\" data-element_type=\"widget\" data-widget_type=\"text-editor.default\">\n\t\t\t\t<div class=\"elementor-widget-container\">\n\t\t\t\t\t\t\t<h5>Parking CARMEN VIEJO Hotel Barrameda<\/h5><h6>Address: <strong style=\"color: inherit; font-family: inherit; font-size: 1rem;\">C. Carmen Viejo, 28, 30, 11540 Sanl\u00facar de Barrameda, C\u00e1diz<\/strong><\/h6><h6>Phone: <strong>+34 956385878<\/strong><\/h6>\t\t\t\t\t\t<\/div>\n\t\t\t\t<\/div>\n\t\t\t\t\t<\/div>\n\t\t<\/div>\n\t\t\t\t\t<\/div>\n\t\t<\/section>\n\t\t\t\t<section class=\"elementor-section elementor-top-section elementor-element elementor-element-232bdd7 elementor-section-boxed elementor-section-height-default elementor-section-height-default\" data-id=\"232bdd7\" data-element_type=\"section\">\n\t\t\t\t\t\t<div class=\"elementor-container elementor-column-gap-default\">\n\t\t\t\t\t<div class=\"elementor-column elementor-col-100 elementor-top-column elementor-element elementor-element-a15e5ff\" data-id=\"a15e5ff\" data-element_type=\"column\">\n\t\t\t<div class=\"elementor-widget-wrap elementor-element-populated\">\n\t\t\t\t\t\t<div class=\"elementor-element elementor-element-4d14d99 elementor-widget elementor-widget-text-editor\" data-id=\"4d14d99\" data-element_type=\"widget\" data-widget_type=\"text-editor.default\">\n\t\t\t\t<div class=\"elementor-widget-container\">\n\t\t\t\t\t\t\t<h5>Parking Sanl\u00facar<\/h5><h6>Address: <strong style=\"color: inherit; font-family: inherit; font-size: 1rem;\">Av. Bajo de Gu\u00eda, 38D, 11540 Sanl\u00facar de Barrameda, C\u00e1diz<\/strong><\/h6>\t\t\t\t\t\t<\/div>\n\t\t\t\t<\/div>\n\t\t\t\t\t<\/div>\n\t\t<\/div>\n\t\t\t\t\t<\/div>\n\t\t<\/section>\n\t\t\t\t<section class=\"elementor-section elementor-top-section elementor-element elementor-element-70ece81 elementor-section-boxed elementor-section-height-default elementor-section-height-default\" data-id=\"70ece81\" data-element_type=\"section\">\n\t\t\t\t\t\t<div class=\"elementor-container elementor-column-gap-default\">\n\t\t\t\t\t<div class=\"elementor-column elementor-col-100 elementor-top-column elementor-element elementor-element-3e3ab58\" data-id=\"3e3ab58\" data-element_type=\"column\">\n\t\t\t<div class=\"elementor-widget-wrap elementor-element-populated\">\n\t\t\t\t\t\t<div class=\"elementor-element elementor-element-81bb9f9 elementor-widget elementor-widget-text-editor\" data-id=\"81bb9f9\" data-element_type=\"widget\" data-widget_type=\"text-editor.default\">\n\t\t\t\t<div class=\"elementor-widget-container\">\n\t\t\t\t\t\t\t<h5>Parking P\u00fablico<\/h5><h6>Address: <strong style=\"color: inherit; font-family: inherit; font-size: 1rem;\">C. Alcoba, 38-44, 11540 Sanl\u00facar de Barrameda, C\u00e1diz<\/strong><\/h6>\t\t\t\t\t\t<\/div>\n\t\t\t\t<\/div>\n\t\t\t\t\t<\/div>\n\t\t<\/div>\n\t\t\t\t\t<\/div>\n\t\t<\/section>\n\t\t\t\t<section class=\"elementor-section elementor-top-section elementor-element elementor-element-c6e2b7f elementor-section-boxed elementor-section-height-default elementor-section-height-default\" data-id=\"c6e2b7f\" data-element_type=\"section\">\n\t\t\t\t\t\t<div class=\"elementor-container elementor-column-gap-default\">\n\t\t\t\t\t<div class=\"elementor-column elementor-col-100 elementor-top-column elementor-element elementor-element-862d2d4\" data-id=\"862d2d4\" data-element_type=\"column\">\n\t\t\t<div class=\"elementor-widget-wrap elementor-element-populated\">\n\t\t\t\t\t\t<div class=\"elementor-element elementor-element-72b2626 elementor-widget elementor-widget-text-editor\" data-id=\"72b2626\" data-element_type=\"widget\" data-widget_type=\"text-editor.default\">\n\t\t\t\t<div class=\"elementor-widget-container\">\n\t\t\t\t\t\t\t<h5>Parking<\/h5><h6>Address: <strong style=\"color: inherit; font-family: inherit; font-size: 1rem;\">C. Pedro Fern\u00e1ndez de Lugo, 7, 11540 Sanl\u00facar de Barrameda, C\u00e1diz<\/strong><\/h6>\t\t\t\t\t\t<\/div>\n\t\t\t\t<\/div>\n\t\t\t\t\t<\/div>\n\t\t<\/div>\n\t\t\t\t\t<\/div>\n\t\t<\/section>\n\t\t\t\t<section class=\"elementor-section elementor-top-section elementor-element elementor-element-75217e7 elementor-section-boxed elementor-section-height-default elementor-section-height-default\" data-id=\"75217e7\" data-element_type=\"section\">\n\t\t\t\t\t\t<div class=\"elementor-container elementor-column-gap-default\">\n\t\t\t\t\t<div class=\"elementor-column elementor-col-100 elementor-top-column elementor-element elementor-element-26f8c6b\" data-id=\"26f8c6b\" data-element_type=\"column\">\n\t\t\t<div class=\"elementor-widget-wrap elementor-element-populated\">\n\t\t\t\t\t\t<div class=\"elementor-element elementor-element-bab2b9d elementor-widget elementor-widget-text-editor\" data-id=\"bab2b9d\" data-element_type=\"widget\" data-widget_type=\"text-editor.default\">\n\t\t\t\t<div class=\"elementor-widget-container\">\n\t\t\t\t\t\t\t<h5>El Rancho Aparcamiento<\/h5><h6>Address: <strong style=\"color: inherit; font-family: inherit; font-size: 1rem;\">Av. de Rota, 25, 11540 Sanl\u00facar de Barrameda, C\u00e1diz<\/strong><\/h6>\t\t\t\t\t\t<\/div>\n\t\t\t\t<\/div>\n\t\t\t\t\t<\/div>\n\t\t<\/div>\n\t\t\t\t\t<\/div>\n\t\t<\/section>\n\t\t\t\t<section class=\"elementor-section elementor-top-section elementor-element elementor-element-4823715 elementor-section-boxed elementor-section-height-default elementor-section-height-default\" data-id=\"4823715\" data-element_type=\"section\">\n\t\t\t\t\t\t<div class=\"elementor-container elementor-column-gap-default\">\n\t\t\t\t\t<div class=\"elementor-column elementor-col-100 elementor-top-column elementor-element elementor-element-ffb7dd2\" data-id=\"ffb7dd2\" data-element_type=\"column\">\n\t\t\t<div class=\"elementor-widget-wrap elementor-element-populated\">\n\t\t\t\t\t\t<div class=\"elementor-element elementor-element-2c63cd3 elementor-widget elementor-widget-text-editor\" data-id=\"2c63cd3\" data-element_type=\"widget\" data-widget_type=\"text-editor.default\">\n\t\t\t\t<div class=\"elementor-widget-container\">\n\t\t\t\t\t\t\t<h5>Parking Motos<\/h5><h6>Address: <strong style=\"color: inherit; font-family: inherit; font-size: 1rem;\">C. Ruiz de Somavia, 24, 11540 Sanl\u00facar de Barrameda, C\u00e1diz<\/strong><\/h6>\t\t\t\t\t\t<\/div>\n\t\t\t\t<\/div>\n\t\t\t\t\t<\/div>\n\t\t<\/div>\n\t\t\t\t\t<\/div>\n\t\t<\/section>\n\t\t\t\t<section class=\"elementor-section elementor-top-section elementor-element elementor-element-cd51365 elementor-section-boxed elementor-section-height-default elementor-section-height-default\" data-id=\"cd51365\" data-element_type=\"section\">\n\t\t\t\t\t\t<div class=\"elementor-container elementor-column-gap-default\">\n\t\t\t\t\t<div class=\"elementor-column elementor-col-100 elementor-top-column elementor-element elementor-element-7d1d103\" data-id=\"7d1d103\" data-element_type=\"column\">\n\t\t\t<div class=\"elementor-widget-wrap elementor-element-populated\">\n\t\t\t\t\t\t<div class=\"elementor-element elementor-element-6130d7a elementor-widget elementor-widget-text-editor\" data-id=\"6130d7a\" data-element_type=\"widget\" data-widget_type=\"text-editor.default\">\n\t\t\t\t<div class=\"elementor-widget-container\">\n\t\t\t\t\t\t\t<h5>Aparcamiento autocaravana frente al mar<\/h5><h6>Address: <strong style=\"color: inherit; font-family: inherit; font-size: 1rem;\">Av. de las Piletas, 11540 Sanl\u00facar de Barrameda, C\u00e1diz<\/strong><\/h6>\t\t\t\t\t\t<\/div>\n\t\t\t\t<\/div>\n\t\t\t\t\t<\/div>\n\t\t<\/div>\n\t\t\t\t\t<\/div>\n\t\t<\/section>\n\t\t\t\t<\/div>\n\t\t","protected":false},"excerpt":{"rendered":"<p>Information of schedules, festivities and openings. You will also find the means of access to Sanl\u00facar de Barrameda, and parking areas. SCHEDULES MONDAY TO FRIDAY 10:00 &#8211; 13:30 y 18:00 &#8211; 21:00 h. SATURDAY 10:30 &#8211; 14:00 h. SUNDAYS Closed UPCOMING HOLIDAYS Local Festival 23.05.2022 Closed PARKINGS Use the parking lots of: Parking PARKIA &#8211; [&hellip;]<\/p>\n","protected":false},"author":1,"featured_media":1007,"comment_status":"closed","ping_status":"open","sticky":false,"template":"","format":"standard","meta":{"_acf_changed":false,"footnotes":""},"categories":[7],"tags":[],"class_list":["post-1482","post","type-post","status-publish","format-standard","has-post-thumbnail","hentry","category-uncategorized"],"acf":[],"yoast_head":"<!-- This site is optimized with the Yoast SEO plugin v22.6 - https:\/\/yoast.com\/wordpress\/plugins\/seo\/ -->\n<title>SCHEDULES AND PARKINGS - VIVE Sanl\u00facar de Barrameda<\/title>\n<meta name=\"robots\" content=\"index, follow, max-snippet:-1, max-image-preview:large, max-video-preview:-1\" \/>\n<link rel=\"canonical\" href=\"https:\/\/vivesanlucardebarrameda.es\/en\/aparcamiento-y-horarios\/\" \/>\n<meta property=\"og:locale\" content=\"en_US\" \/>\n<meta property=\"og:type\" content=\"article\" \/>\n<meta property=\"og:title\" content=\"SCHEDULES AND PARKINGS - VIVE Sanl\u00facar de Barrameda\" \/>\n<meta property=\"og:description\" content=\"Information of schedules, festivities and openings. You will also find the means of access to Sanl\u00facar de Barrameda, and parking areas. SCHEDULES MONDAY TO FRIDAY 10:00 &#8211; 13:30 y 18:00 &#8211; 21:00 h. SATURDAY 10:30 &#8211; 14:00 h. SUNDAYS Closed UPCOMING HOLIDAYS Local Festival 23.05.2022 Closed PARKINGS Use the parking lots of: Parking PARKIA &#8211; [&hellip;]\" \/>\n<meta property=\"og:url\" content=\"https:\/\/vivesanlucardebarrameda.es\/en\/aparcamiento-y-horarios\/\" \/>\n<meta property=\"og:site_name\" content=\"VIVE Sanl\u00facar de Barrameda\" \/>\n<meta property=\"article:published_time\" content=\"2022-02-10T12:45:25+00:00\" \/>\n<meta property=\"article:modified_time\" content=\"2023-02-09T13:16:21+00:00\" \/>\n<meta property=\"og:image\" content=\"https:\/\/vivesanlucardebarrameda.es\/wp-content\/uploads\/2022\/02\/3-1-1.jpg\" \/>\n\t<meta property=\"og:image:width\" content=\"398\" \/>\n\t<meta property=\"og:image:height\" content=\"264\" \/>\n\t<meta property=\"og:image:type\" content=\"image\/jpeg\" \/>\n<meta name=\"author\" content=\"admin_01\" \/>\n<meta name=\"twitter:card\" content=\"summary_large_image\" \/>\n<meta name=\"twitter:label1\" content=\"Written by\" \/>\n\t<meta name=\"twitter:data1\" content=\"admin_01\" \/>\n\t<meta name=\"twitter:label2\" content=\"Est. reading time\" \/>\n\t<meta name=\"twitter:data2\" content=\"1 minute\" \/>\n<script type=\"application\/ld+json\" class=\"yoast-schema-graph\">{\"@context\":\"https:\/\/schema.org\",\"@graph\":[{\"@type\":\"Article\",\"@id\":\"https:\/\/vivesanlucardebarrameda.es\/en\/aparcamiento-y-horarios\/#article\",\"isPartOf\":{\"@id\":\"https:\/\/vivesanlucardebarrameda.es\/en\/aparcamiento-y-horarios\/\"},\"author\":{\"name\":\"admin_01\",\"@id\":\"https:\/\/vivesanlucardebarrameda.es\/#\/schema\/person\/235cb745229c9c04f296654407fc8991\"},\"headline\":\"SCHEDULES AND PARKINGS\",\"datePublished\":\"2022-02-10T12:45:25+00:00\",\"dateModified\":\"2023-02-09T13:16:21+00:00\",\"mainEntityOfPage\":{\"@id\":\"https:\/\/vivesanlucardebarrameda.es\/en\/aparcamiento-y-horarios\/\"},\"wordCount\":174,\"publisher\":{\"@id\":\"https:\/\/vivesanlucardebarrameda.es\/#organization\"},\"image\":{\"@id\":\"https:\/\/vivesanlucardebarrameda.es\/en\/aparcamiento-y-horarios\/#primaryimage\"},\"thumbnailUrl\":\"https:\/\/vivesanlucardebarrameda.es\/wp-content\/uploads\/2022\/02\/3-1-1.jpg\",\"inLanguage\":\"en-US\"},{\"@type\":\"WebPage\",\"@id\":\"https:\/\/vivesanlucardebarrameda.es\/en\/aparcamiento-y-horarios\/\",\"url\":\"https:\/\/vivesanlucardebarrameda.es\/en\/aparcamiento-y-horarios\/\",\"name\":\"SCHEDULES AND PARKINGS - VIVE Sanl\u00facar de Barrameda\",\"isPartOf\":{\"@id\":\"https:\/\/vivesanlucardebarrameda.es\/#website\"},\"primaryImageOfPage\":{\"@id\":\"https:\/\/vivesanlucardebarrameda.es\/en\/aparcamiento-y-horarios\/#primaryimage\"},\"image\":{\"@id\":\"https:\/\/vivesanlucardebarrameda.es\/en\/aparcamiento-y-horarios\/#primaryimage\"},\"thumbnailUrl\":\"https:\/\/vivesanlucardebarrameda.es\/wp-content\/uploads\/2022\/02\/3-1-1.jpg\",\"datePublished\":\"2022-02-10T12:45:25+00:00\",\"dateModified\":\"2023-02-09T13:16:21+00:00\",\"breadcrumb\":{\"@id\":\"https:\/\/vivesanlucardebarrameda.es\/en\/aparcamiento-y-horarios\/#breadcrumb\"},\"inLanguage\":\"en-US\",\"potentialAction\":[{\"@type\":\"ReadAction\",\"target\":[\"https:\/\/vivesanlucardebarrameda.es\/en\/aparcamiento-y-horarios\/\"]}]},{\"@type\":\"ImageObject\",\"inLanguage\":\"en-US\",\"@id\":\"https:\/\/vivesanlucardebarrameda.es\/en\/aparcamiento-y-horarios\/#primaryimage\",\"url\":\"https:\/\/vivesanlucardebarrameda.es\/wp-content\/uploads\/2022\/02\/3-1-1.jpg\",\"contentUrl\":\"https:\/\/vivesanlucardebarrameda.es\/wp-content\/uploads\/2022\/02\/3-1-1.jpg\",\"width\":398,\"height\":264},{\"@type\":\"BreadcrumbList\",\"@id\":\"https:\/\/vivesanlucardebarrameda.es\/en\/aparcamiento-y-horarios\/#breadcrumb\",\"itemListElement\":[{\"@type\":\"ListItem\",\"position\":1,\"name\":\"Portada\",\"item\":\"https:\/\/vivesanlucardebarrameda.es\/en\/\"},{\"@type\":\"ListItem\",\"position\":2,\"name\":\"SCHEDULES AND PARKINGS\"}]},{\"@type\":\"WebSite\",\"@id\":\"https:\/\/vivesanlucardebarrameda.es\/#website\",\"url\":\"https:\/\/vivesanlucardebarrameda.es\/\",\"name\":\"VIVE Sanl\u00facar de Barrameda\",\"description\":\"Restaurantes, eventos, ...\",\"publisher\":{\"@id\":\"https:\/\/vivesanlucardebarrameda.es\/#organization\"},\"potentialAction\":[{\"@type\":\"SearchAction\",\"target\":{\"@type\":\"EntryPoint\",\"urlTemplate\":\"https:\/\/vivesanlucardebarrameda.es\/?s={search_term_string}\"},\"query-input\":\"required name=search_term_string\"}],\"inLanguage\":\"en-US\"},{\"@type\":\"Organization\",\"@id\":\"https:\/\/vivesanlucardebarrameda.es\/#organization\",\"name\":\"VIVE Sanl\u00facar de Barrameda\",\"url\":\"https:\/\/vivesanlucardebarrameda.es\/\",\"logo\":{\"@type\":\"ImageObject\",\"inLanguage\":\"en-US\",\"@id\":\"https:\/\/vivesanlucardebarrameda.es\/#\/schema\/logo\/image\/\",\"url\":\"https:\/\/vivesanlucardebarrameda.es\/wp-content\/uploads\/2023\/02\/cropped-logo_header.jpg\",\"contentUrl\":\"https:\/\/vivesanlucardebarrameda.es\/wp-content\/uploads\/2023\/02\/cropped-logo_header.jpg\",\"width\":534,\"height\":482,\"caption\":\"VIVE Sanl\u00facar de Barrameda\"},\"image\":{\"@id\":\"https:\/\/vivesanlucardebarrameda.es\/#\/schema\/logo\/image\/\"}},{\"@type\":\"Person\",\"@id\":\"https:\/\/vivesanlucardebarrameda.es\/#\/schema\/person\/235cb745229c9c04f296654407fc8991\",\"name\":\"admin_01\",\"image\":{\"@type\":\"ImageObject\",\"inLanguage\":\"en-US\",\"@id\":\"https:\/\/vivesanlucardebarrameda.es\/#\/schema\/person\/image\/\",\"url\":\"https:\/\/secure.gravatar.com\/avatar\/6b3dea6fd94546b48663452c01891a2ba99ea43505d12ddda7ba0a5ae5a29f70?s=96&d=mm&r=g\",\"contentUrl\":\"https:\/\/secure.gravatar.com\/avatar\/6b3dea6fd94546b48663452c01891a2ba99ea43505d12ddda7ba0a5ae5a29f70?s=96&d=mm&r=g\",\"caption\":\"admin_01\"},\"sameAs\":[\"https:\/\/vivesanlucardebarrameda.es\"],\"url\":\"https:\/\/vivesanlucardebarrameda.es\/en\/author\/admin_01\/\"}]}<\/script>\n<!-- \/ Yoast SEO plugin. -->","yoast_head_json":{"title":"SCHEDULES AND PARKINGS - VIVE Sanl\u00facar de Barrameda","robots":{"index":"index","follow":"follow","max-snippet":"max-snippet:-1","max-image-preview":"max-image-preview:large","max-video-preview":"max-video-preview:-1"},"canonical":"https:\/\/vivesanlucardebarrameda.es\/en\/aparcamiento-y-horarios\/","og_locale":"en_US","og_type":"article","og_title":"SCHEDULES AND PARKINGS - VIVE Sanl\u00facar de Barrameda","og_description":"Information of schedules, festivities and openings. You will also find the means of access to Sanl\u00facar de Barrameda, and parking areas. SCHEDULES MONDAY TO FRIDAY 10:00 &#8211; 13:30 y 18:00 &#8211; 21:00 h. SATURDAY 10:30 &#8211; 14:00 h. SUNDAYS Closed UPCOMING HOLIDAYS Local Festival 23.05.2022 Closed PARKINGS Use the parking lots of: Parking PARKIA &#8211; [&hellip;]","og_url":"https:\/\/vivesanlucardebarrameda.es\/en\/aparcamiento-y-horarios\/","og_site_name":"VIVE Sanl\u00facar de Barrameda","article_published_time":"2022-02-10T12:45:25+00:00","article_modified_time":"2023-02-09T13:16:21+00:00","og_image":[{"width":398,"height":264,"url":"https:\/\/vivesanlucardebarrameda.es\/wp-content\/uploads\/2022\/02\/3-1-1.jpg","type":"image\/jpeg"}],"author":"admin_01","twitter_card":"summary_large_image","twitter_misc":{"Written by":"admin_01","Est. reading time":"1 minute"},"schema":{"@context":"https:\/\/schema.org","@graph":[{"@type":"Article","@id":"https:\/\/vivesanlucardebarrameda.es\/en\/aparcamiento-y-horarios\/#article","isPartOf":{"@id":"https:\/\/vivesanlucardebarrameda.es\/en\/aparcamiento-y-horarios\/"},"author":{"name":"admin_01","@id":"https:\/\/vivesanlucardebarrameda.es\/#\/schema\/person\/235cb745229c9c04f296654407fc8991"},"headline":"SCHEDULES AND PARKINGS","datePublished":"2022-02-10T12:45:25+00:00","dateModified":"2023-02-09T13:16:21+00:00","mainEntityOfPage":{"@id":"https:\/\/vivesanlucardebarrameda.es\/en\/aparcamiento-y-horarios\/"},"wordCount":174,"publisher":{"@id":"https:\/\/vivesanlucardebarrameda.es\/#organization"},"image":{"@id":"https:\/\/vivesanlucardebarrameda.es\/en\/aparcamiento-y-horarios\/#primaryimage"},"thumbnailUrl":"https:\/\/vivesanlucardebarrameda.es\/wp-content\/uploads\/2022\/02\/3-1-1.jpg","inLanguage":"en-US"},{"@type":"WebPage","@id":"https:\/\/vivesanlucardebarrameda.es\/en\/aparcamiento-y-horarios\/","url":"https:\/\/vivesanlucardebarrameda.es\/en\/aparcamiento-y-horarios\/","name":"SCHEDULES AND PARKINGS - VIVE Sanl\u00facar de Barrameda","isPartOf":{"@id":"https:\/\/vivesanlucardebarrameda.es\/#website"},"primaryImageOfPage":{"@id":"https:\/\/vivesanlucardebarrameda.es\/en\/aparcamiento-y-horarios\/#primaryimage"},"image":{"@id":"https:\/\/vivesanlucardebarrameda.es\/en\/aparcamiento-y-horarios\/#primaryimage"},"thumbnailUrl":"https:\/\/vivesanlucardebarrameda.es\/wp-content\/uploads\/2022\/02\/3-1-1.jpg","datePublished":"2022-02-10T12:45:25+00:00","dateModified":"2023-02-09T13:16:21+00:00","breadcrumb":{"@id":"https:\/\/vivesanlucardebarrameda.es\/en\/aparcamiento-y-horarios\/#breadcrumb"},"inLanguage":"en-US","potentialAction":[{"@type":"ReadAction","target":["https:\/\/vivesanlucardebarrameda.es\/en\/aparcamiento-y-horarios\/"]}]},{"@type":"ImageObject","inLanguage":"en-US","@id":"https:\/\/vivesanlucardebarrameda.es\/en\/aparcamiento-y-horarios\/#primaryimage","url":"https:\/\/vivesanlucardebarrameda.es\/wp-content\/uploads\/2022\/02\/3-1-1.jpg","contentUrl":"https:\/\/vivesanlucardebarrameda.es\/wp-content\/uploads\/2022\/02\/3-1-1.jpg","width":398,"height":264},{"@type":"BreadcrumbList","@id":"https:\/\/vivesanlucardebarrameda.es\/en\/aparcamiento-y-horarios\/#breadcrumb","itemListElement":[{"@type":"ListItem","position":1,"name":"Portada","item":"https:\/\/vivesanlucardebarrameda.es\/en\/"},{"@type":"ListItem","position":2,"name":"SCHEDULES AND PARKINGS"}]},{"@type":"WebSite","@id":"https:\/\/vivesanlucardebarrameda.es\/#website","url":"https:\/\/vivesanlucardebarrameda.es\/","name":"VIVE Sanl\u00facar de Barrameda","description":"Restaurantes, eventos, ...","publisher":{"@id":"https:\/\/vivesanlucardebarrameda.es\/#organization"},"potentialAction":[{"@type":"SearchAction","target":{"@type":"EntryPoint","urlTemplate":"https:\/\/vivesanlucardebarrameda.es\/?s={search_term_string}"},"query-input":"required name=search_term_string"}],"inLanguage":"en-US"},{"@type":"Organization","@id":"https:\/\/vivesanlucardebarrameda.es\/#organization","name":"VIVE Sanl\u00facar de Barrameda","url":"https:\/\/vivesanlucardebarrameda.es\/","logo":{"@type":"ImageObject","inLanguage":"en-US","@id":"https:\/\/vivesanlucardebarrameda.es\/#\/schema\/logo\/image\/","url":"https:\/\/vivesanlucardebarrameda.es\/wp-content\/uploads\/2023\/02\/cropped-logo_header.jpg","contentUrl":"https:\/\/vivesanlucardebarrameda.es\/wp-content\/uploads\/2023\/02\/cropped-logo_header.jpg","width":534,"height":482,"caption":"VIVE Sanl\u00facar de Barrameda"},"image":{"@id":"https:\/\/vivesanlucardebarrameda.es\/#\/schema\/logo\/image\/"}},{"@type":"Person","@id":"https:\/\/vivesanlucardebarrameda.es\/#\/schema\/person\/235cb745229c9c04f296654407fc8991","name":"admin_01","image":{"@type":"ImageObject","inLanguage":"en-US","@id":"https:\/\/vivesanlucardebarrameda.es\/#\/schema\/person\/image\/","url":"https:\/\/secure.gravatar.com\/avatar\/6b3dea6fd94546b48663452c01891a2ba99ea43505d12ddda7ba0a5ae5a29f70?s=96&d=mm&r=g","contentUrl":"https:\/\/secure.gravatar.com\/avatar\/6b3dea6fd94546b48663452c01891a2ba99ea43505d12ddda7ba0a5ae5a29f70?s=96&d=mm&r=g","caption":"admin_01"},"sameAs":["https:\/\/vivesanlucardebarrameda.es"],"url":"https:\/\/vivesanlucardebarrameda.es\/en\/author\/admin_01\/"}]}},"_links":{"self":[{"href":"https:\/\/vivesanlucardebarrameda.es\/en\/wp-json\/wp\/v2\/posts\/1482","targetHints":{"allow":["GET"]}}],"collection":[{"href":"https:\/\/vivesanlucardebarrameda.es\/en\/wp-json\/wp\/v2\/posts"}],"about":[{"href":"https:\/\/vivesanlucardebarrameda.es\/en\/wp-json\/wp\/v2\/types\/post"}],"author":[{"embeddable":true,"href":"https:\/\/vivesanlucardebarrameda.es\/en\/wp-json\/wp\/v2\/users\/1"}],"replies":[{"embeddable":true,"href":"https:\/\/vivesanlucardebarrameda.es\/en\/wp-json\/wp\/v2\/comments?post=1482"}],"version-history":[{"count":25,"href":"https:\/\/vivesanlucardebarrameda.es\/en\/wp-json\/wp\/v2\/posts\/1482\/revisions"}],"predecessor-version":[{"id":5722,"href":"https:\/\/vivesanlucardebarrameda.es\/en\/wp-json\/wp\/v2\/posts\/1482\/revisions\/5722"}],"wp:featuredmedia":[{"embeddable":true,"href":"https:\/\/vivesanlucardebarrameda.es\/en\/wp-json\/wp\/v2\/media\/1007"}],"wp:attachment":[{"href":"https:\/\/vivesanlucardebarrameda.es\/en\/wp-json\/wp\/v2\/media?parent=1482"}],"wp:term":[{"taxonomy":"category","embeddable":true,"href":"https:\/\/vivesanlucardebarrameda.es\/en\/wp-json\/wp\/v2\/categories?post=1482"},{"taxonomy":"post_tag","embeddable":true,"href":"https:\/\/vivesanlucardebarrameda.es\/en\/wp-json\/wp\/v2\/tags?post=1482"}],"curies":[{"name":"wp","href":"https:\/\/api.w.org\/{rel}","templated":true}]}}